{"id":262,"date":"2025-02-20T14:50:26","date_gmt":"2025-02-20T17:50:26","guid":{"rendered":"https:\/\/eleicoespsicologia.org.br\/crp06\/?p=262"},"modified":"2025-02-20T14:50:26","modified_gmt":"2025-02-20T17:50:26","slug":"comissoes-eleitorais-anunciam-inicio-da-inscricao-de-chapas-para-eleicoes-dos-crps-e-consulta-nacional-do-cfp","status":"publish","type":"post","link":"https:\/\/eleicoespsicologia.org.br\/crp06\/comissoes-eleitorais-anunciam-inicio-da-inscricao-de-chapas-para-eleicoes-dos-crps-e-consulta-nacional-do-cfp\/","title":{"rendered":"Comiss\u00f5es eleitorais anunciam in\u00edcio da inscri\u00e7\u00e3o de chapas para elei\u00e7\u00f5es dos CRPs e consulta nacional do CFP"},"content":{"rendered":"\n<p class=\"has-text-color has-link-color wp-elements-d1b675b2ce50260cff7a4c4a0166a832\" style=\"color:#848484\"><em>Encabe\u00e7adoras devem realizar inscri\u00e7\u00e3o entre 18\/02 e 22\/03. Documenta\u00e7\u00e3o exigida deve ser enviada de 23 a 31 de mar\u00e7o. Confira todas as regras para participa\u00e7\u00e3o<\/em><\/p>\n\n\n<div class=\"wp-block-image\">\n<figure class=\"alignleft\"><img decoding=\"async\" src=\"https:\/\/site.cfp.org.br\/wp-content\/uploads\/2025\/02\/250211_card_eleicoes_4-2-420x420.png\" alt=\"Comiss\u00f5es eleitorais anunciam in\u00edcio da inscri\u00e7\u00e3o de chapas para elei\u00e7\u00f5es dos CRPs e consulta nacional do CFP\"\/><\/figure>\n<\/div>\n\n\n<p>A partir do dia 18 de fevereiro, profissionais da Psicologia interessadas(os) em inscrever suas chapas para concorrer \u00e0s elei\u00e7\u00f5es dos Conselhos Regionais (CRPs) ou \u00e0 consulta nacional para o Conselho Federal de Psicologia (CFP) devem efetuar a inscri\u00e7\u00e3o via sistema eletr\u00f4nico.<\/p>\n\n\n\n<p>Neste ano, o per\u00edodo de inscri\u00e7\u00e3o das chapas ser\u00e1 realizado de forma simult\u00e2nea tanto para a Consulta Nacional do CFP quanto para as elei\u00e7\u00f5es dos CRPs.<\/p>\n\n\n\n<p>Nesta etapa, que termina em 22 de mar\u00e7o de 2025, as encabe\u00e7adoras de chapa dever\u00e3o inscrever suas integrantes por meio do Sistema e-Chapas (<a href=\"http:\/\/e-chapas.cfp.org.br\/\" target=\"_blank\" rel=\"noreferrer noopener\">e-chapas.cfp.org.br<\/a>). Em caso de d\u00favidas, devem ser procuradas as Comiss\u00f5es Regionais Eleitorais (CREs), para pleito no \u00e2mbito dos CRPs; ou na Comiss\u00e3o Eleitoral Especial (CEE), para a consulta nacional referente \u00e0 escolha da gest\u00e3o do CFP.<\/p>\n\n\n\n<p>Na fase posterior, entre 23 e 31 de mar\u00e7o, o acesso ao Sistema e-Chapas ser\u00e1 disponibilizado para que sejam realizados, pelas chapas inscritas, o envio obrigat\u00f3rio dos documentos e comprovantes exigidos pela&nbsp;<a href=\"https:\/\/eleicoespsicologia.org.br\/wp-content\/uploads\/2024\/12\/Resolucao-Administrativa_Financeira-10-2024-do-Conselho-Federal-de-Psicologia-BR-5.pdf\">Resolu\u00e7\u00e3o CFP n\u00ba 10\/2024<\/a>&nbsp; \u2013 que institui o regimento eleitoral.<\/p>\n\n\n\n<p>De acordo com o regramento, s\u00e3o exigidos no ato de inscri\u00e7\u00e3o, entre outros documentos:&nbsp;<\/p>\n\n\n\n<ol class=\"wp-block-list\">\n<li>Termo de concord\u00e2ncia da candidatura e de elegibilidade;\u00a0<\/li>\n\n\n\n<li>C\u00f3pia colorida, n\u00edtida e v\u00e1lida da Carteira de Identidade Profissional, da Carteira Nacional de Identidade, do Passaporte brasileiro ou da Carteira Nacional de Habilita\u00e7\u00e3o;\u00a0<\/li>\n\n\n\n<li>C\u00f3pia colorida e n\u00edtida do CPF ou comprovante de situa\u00e7\u00e3o cadastral, caso ele n\u00e3o conste da Carteira Nacional de Identidade;\u00a0<\/li>\n\n\n\n<li>Certid\u00e3o de Quita\u00e7\u00e3o da Justi\u00e7a Eleitoral;\u00a0<\/li>\n\n\n\n<li>Comprova\u00e7\u00e3o de cumprimento com as obriga\u00e7\u00f5es militares, como certificado de dispensa de incorpora\u00e7\u00e3o ou carta patente, para homens cis e homens trans menores de 45 (quarenta e cinco) anos de idade;\u00a0<\/li>\n\n\n\n<li>Certid\u00e3o de nada consta de antecedentes criminais, no \u00e2mbito estadual, emitida pela Justi\u00e7a estadual;\u00a0<\/li>\n\n\n\n<li>Certid\u00e3o de nada consta de antecedentes criminais, no \u00e2mbito federal, emitida pela Justi\u00e7a Federal.<\/li>\n<\/ol>\n\n\n\n<p>Al\u00e9m disso,&nbsp; s\u00e3o exigidos documentos requeridos no artigo 7\u00ba, \u00a7 4\u00ba, IV (para participantes da Consulta Nacional) e no artigo 9\u00ba, \u00a7 4\u00ba (para participantes de elei\u00e7\u00e3o regional).&nbsp;<\/p>\n\n\n\n<p>Acesse&nbsp;<a href=\"https:\/\/eleicoespsicologia.org.br\/wp-content\/uploads\/2024\/12\/Resolucao-Administrativa_Financeira-10-2024-do-Conselho-Federal-de-Psicologia-BR-5.pdf\">aqui<\/a>&nbsp;a lista completa dos documentos estabelecidos na Resolu\u00e7\u00e3o CFP n\u00ba 10\/2024.<\/p>\n\n\n\n<p>\u00c9 importante ressaltar que os documentos comprobat\u00f3rios para candidaturas que comp\u00f5em as reservas de vagas s\u00e3o estipulados pela<a href=\"https:\/\/eleicoespsicologia.org.br\/wp-content\/uploads\/2025\/02\/Instrucao-normativa-1-2025-Conselho-federal-de-psicologia-BR.pdf\">&nbsp;Instru\u00e7\u00e3o Normativa n\u00ba 01\/2025<\/a>, do Conselho Federal de Psicologia, e aferidos pela Comiss\u00e3o de A\u00e7\u00f5es Afirmativas e Heteroidentifica\u00e7\u00e3o.<\/p>\n\n\n\n<p>Uma vez conclu\u00eddo o prazo para a inscri\u00e7\u00e3o das chapas, entre os dias 1\u00ba e 22 de abril de 2025, as respectivas Comiss\u00f5es Eleitorais dever\u00e3o avaliar o cumprimento das condi\u00e7\u00f5es de elegibilidade e impedimento em rela\u00e7\u00e3o a cada uma das candidaturas, com o apoio dos t\u00e9cnicos do CFP e dos CRPs. Nesse mesmo per\u00edodo, segundo estabelece a Instru\u00e7\u00e3o Normativa 01\/2025, ser\u00e3o realizadas as bancas de heteroidentifica\u00e7\u00e3o em at\u00e9 duas chamadas: uma regular e outra para as(os)&nbsp; candidatas(os) que, por algum motivo, n\u00e3o conseguiram se apresentar na primeira chamada.<\/p>\n\n\n\n<p><strong>Confira as pr\u00f3ximas etapas<\/strong><\/p>\n\n\n\n<p>\u2013 Ajuste Cadastral: 24 de abril e 05 de maio.<\/p>\n\n\n\n<p>\u2013 An\u00e1lise do ajuste cadastral : 06 a 19 de maio (aprecia\u00e7\u00e3o) e, at\u00e9 21 de maio, deferimento ou indeferimento do registro da chapa.<\/p>\n\n\n\n<p>\u2013 Recurso \u00e0 CER, em caso de impugna\u00e7\u00e3o de candidata ou indeferimento de chapa para o CRP: entre 22 e 27 de maio.<\/p>\n\n\n\n<p>\u2013 Recurso \u00e0 CEE: entre 22 e 27 de maio.<\/p>\n\n\n\n<p>\u2013 Homologa\u00e7\u00e3o da chapa: 9 de junho.<\/p>\n\n\n\n<p>\u2013 Elei\u00e7\u00f5es: 23 a 27 de agosto de 2025.<\/p>\n\n\n\n<p><strong>Entenda o processo eleitoral<\/strong><\/p>\n\n\n\n<p>O processo eleitoral do Sistema Conselhos \u00e9 realizado a cada tr\u00eas anos com o objetivo de definir, por meio das elei\u00e7\u00f5es e da consulta nacional, respectivamente, as gest\u00f5es dos Conselhos Regionais (CRPs) e Federal (CFP) de Psicologia.&nbsp;<\/p>\n\n\n\n<p><strong>Consulta Nacional&nbsp;<\/strong><\/p>\n\n\n\n<p>A fim de garantir publicidade, ampla participa\u00e7\u00e3o democr\u00e1tica, transpar\u00eancia e isonomia operacional, aberto o per\u00edodo eleitoral, ser\u00e1 realizada consulta \u00e0 categoria sobre as chapas candidatas para a escolha dos membros do Conselho Federal de Psicologia.<\/p>\n\n\n\n<p>Em aten\u00e7\u00e3o ao princ\u00edpio da economicidade, a consulta nacional para o CFP ocorrer\u00e1 no mesmo per\u00edodo em que ser\u00e1 realizada a elei\u00e7\u00e3o dos membros dos Conselhos Regionais de Psicologia.<\/p>\n\n\n\n<p>Os membros efetivos e suplentes do Conselho Federal de Psicologia (CFP) ser\u00e3o eleitos pela Assembleia dos Delegados Regionais, constitu\u00edda por 2 (duas) delegadas eleitoras membros do Plen\u00e1rio de cada Conselho Regional. Aberto o per\u00edodo eleitoral, ser\u00e1 realizada consulta \u00e0 categoria, entre as psic\u00f3logas de todo o pa\u00eds, sobre as chapas candidatas para a escolha dos membros do CFP.&nbsp;<\/p>\n\n\n\n<p>Na pr\u00e1tica, funciona dessa forma: conforme o regimento eleitoral, para a elei\u00e7\u00e3o dos membros do CFP, a Assembleia de Delegados Regionais deliberar\u00e1 pelo voto favor\u00e1vel de, pelo menos, 2\/3 (dois ter\u00e7os) das(os) delegadas eleitoras(es) presentes.&nbsp;<\/p>\n\n\n\n<p>Ao todo, ser\u00e3o eleitas(os) 11 conselheiras(os) titulares e igual quantidade de suplentes.&nbsp; O regramento determina ainda a reserva de, no m\u00ednimo, 20% das vagas para pessoas negras ou pessoas ind\u00edgenas, al\u00e9m de, necessariamente, no m\u00ednimo, 20% de reserva de vagas para pessoas trans, pessoas com defici\u00eancia, pessoas pertencentes a comunidades quilombolas ou povos e comunidades de terreiro\/povos e comunidade de matriz africana. Ser\u00e3o garantidos tamb\u00e9m, no m\u00ednimo, 50% de reserva de vagas para mulheres na composi\u00e7\u00e3o das chapas.<\/p>\n\n\n\n<p><strong>Elei\u00e7\u00f5es para os CRPs<\/strong><\/p>\n\n\n\n<p>Os membros efetivos e suplentes dos Conselhos Regionais de Psicologia ser\u00e3o eleitos pela Assembleia Geral, convocada exclusivamente para esse fim, constitu\u00edda por psic\u00f3logas com inscri\u00e7\u00e3o principal nos respectivos CRPs e que atendam \u00e0s condi\u00e7\u00f5es dispostas pela&nbsp; Resolu\u00e7\u00e3o CFP n\u00ba 10\/2024.<\/p>\n\n\n\n<p>Diferentemente da escolha para o CFP, o n\u00famero de conselheiras efetivas e suplentes ser\u00e1 definido em fun\u00e7\u00e3o do n\u00famero de profissionais inscritos no Conselho Regional de Psicologia, de acordo com o disposto na Resolu\u00e7\u00e3o CFP n\u00ba 03\/2007.&nbsp;<\/p>\n\n\n\n<p>A reserva de vagas, neste caso, obedece aos mesmos percentuais definidos para a consulta nacional do CFP.<\/p>\n\n\n\n<p><strong>Saiba mais:<\/strong><\/p>\n\n\n\n<p>Importante momento para a Psicologia brasileira, o processo eleitoral do Sistema Conselhos \u00e9 conduzido de modo transparente e convoca toda a categoria a participar de forma ampla e democr\u00e1tica.<\/p>\n\n\n\n<p>A vota\u00e7\u00e3o ser\u00e1 realizada por meio do site&nbsp;<a href=\"http:\/\/www.eleicoespsicologia.org.br\/\">www.eleicoespsicologia.org.br<\/a>, devendo as Comiss\u00f5es Regionais Eleitorais (CREs)&nbsp; disponibilizar a listagem das chapas aptas a receber o voto e Pontos de Apoio \u00e0 Vota\u00e7\u00e3o. Da mesma forma, cabe \u00e0 Comiss\u00e3o Eleitoral Especial (CEE) disponibilizar a listagem das chapas aptas a concorrer na Consulta Nacional para o CFP.<\/p>\n\n\n\n<p>Para votar, \u00e9 necess\u00e1rio que psic\u00f3logas e psic\u00f3logos de todo o pa\u00eds estejam com os dados cadastrais atualizados junto aos Conselhos Regionais. Para a atualiza\u00e7\u00e3o, basta acessar o site&nbsp;<a href=\"https:\/\/cadastro.cfp.org.br\/\">cadastro.cfp.org.br<\/a>, clicar no campo \u201c\u00c1rea da profissional\u201d e, no \u00edcone \u201cEscolha a sua regi\u00e3o\u201d selecionar o Conselho de Psicologia ao qual voc\u00ea est\u00e1 cadastrado. Feito isso, basta seguir as orienta\u00e7\u00f5es que aparecem na tela e fornecer as informa\u00e7\u00f5es solicitadas.<\/p>\n\n\n\n<p>\u00c9 fundamental tamb\u00e9m que as(os) profissionais da Psicologia estejam em situa\u00e7\u00e3o adimplente junto aos seus CRP at\u00e9 6 de agosto de 2025.&nbsp;<\/p>\n","protected":false},"excerpt":{"rendered":"<p>Encabe\u00e7adoras devem realizar inscri\u00e7\u00e3o entre 18\/02 e 22\/03. Documenta\u00e7\u00e3o exigida deve ser enviada de 23 a 31 de mar\u00e7o. Confira todas as regras para participa\u00e7\u00e3o A partir do dia 18 de fevereiro, profissionais da Psicologia interessadas(os) em inscrever suas chapas para concorrer \u00e0s elei\u00e7\u00f5es dos Conselhos Regionais (CRPs) ou \u00e0 consulta nacional para o Conselho&#8230; <a class=\"moretag\" href=\"https:\/\/eleicoespsicologia.org.br\/crp06\/comissoes-eleitorais-anunciam-inicio-da-inscricao-de-chapas-para-eleicoes-dos-crps-e-consulta-nacional-do-cfp\/\">Continue lendo <span class=\"screen-reader-text\">&#8220;Comiss\u00f5es eleitorais anunciam in\u00edcio da inscri\u00e7\u00e3o de chapas para elei\u00e7\u00f5es dos CRPs e consulta nacional do CFP&#8221;<\/span><\/a><\/p>\n","protected":false},"author":2,"featured_media":0,"comment_status":"closed","ping_status":"open","sticky":false,"template":"","format":"standard","meta":{"_acf_changed":false,"footnotes":""},"categories":[5],"tags":[],"class_list":["post-262","post","type-post","status-publish","format-standard","hentry","category-eleicoes-2025"],"acf":[],"_links":{"self":[{"href":"https:\/\/eleicoespsicologia.org.br\/crp06\/wp-json\/wp\/v2\/posts\/262","targetHints":{"allow":["GET"]}}],"collection":[{"href":"https:\/\/eleicoespsicologia.org.br\/crp06\/wp-json\/wp\/v2\/posts"}],"about":[{"href":"https:\/\/eleicoespsicologia.org.br\/crp06\/wp-json\/wp\/v2\/types\/post"}],"author":[{"embeddable":true,"href":"https:\/\/eleicoespsicologia.org.br\/crp06\/wp-json\/wp\/v2\/users\/2"}],"replies":[{"embeddable":true,"href":"https:\/\/eleicoespsicologia.org.br\/crp06\/wp-json\/wp\/v2\/comments?post=262"}],"version-history":[{"count":1,"href":"https:\/\/eleicoespsicologia.org.br\/crp06\/wp-json\/wp\/v2\/posts\/262\/revisions"}],"predecessor-version":[{"id":263,"href":"https:\/\/eleicoespsicologia.org.br\/crp06\/wp-json\/wp\/v2\/posts\/262\/revisions\/263"}],"wp:attachment":[{"href":"https:\/\/eleicoespsicologia.org.br\/crp06\/wp-json\/wp\/v2\/media?parent=262"}],"wp:term":[{"taxonomy":"category","embeddable":true,"href":"https:\/\/eleicoespsicologia.org.br\/crp06\/wp-json\/wp\/v2\/categories?post=262"},{"taxonomy":"post_tag","embeddable":true,"href":"https:\/\/eleicoespsicologia.org.br\/crp06\/wp-json\/wp\/v2\/tags?post=262"}],"curies":[{"name":"wp","href":"https:\/\/api.w.org\/{rel}","templated":true}]}}