{"id":266,"date":"2025-02-20T15:06:21","date_gmt":"2025-02-20T18:06:21","guid":{"rendered":"https:\/\/eleicoespsicologia.org.br\/crp06\/?p=266"},"modified":"2025-02-20T15:06:42","modified_gmt":"2025-02-20T18:06:42","slug":"entenda-como-inscrever-sua-chapa-para-as-eleicoes-2025","status":"publish","type":"post","link":"https:\/\/eleicoespsicologia.org.br\/crp06\/entenda-como-inscrever-sua-chapa-para-as-eleicoes-2025\/","title":{"rendered":"Entenda como inscrever sua chapa para as Elei\u00e7\u00f5es 2025"},"content":{"rendered":"\n<p class=\"has-text-color has-link-color wp-elements-cdb321512a8bd0a18164695979dfc4c5\" style=\"color:#848484\"><em>Encabe\u00e7adoras devem realizar inscri\u00e7\u00e3o entre 18\/02 e 22\/03 no sistema e-chapas. Documenta\u00e7\u00e3o exigida dever\u00e1 ser enviada de 23 a 31 de mar\u00e7o tamb\u00e9m via sistema e-chapas. Entenda como fazer a inscri\u00e7\u00e3o.<\/em><\/p>\n\n\n\n<p>As(os) profissionais da Psicologia interessadas(os) em inscrever suas chapas para concorrer \u00e0s elei\u00e7\u00f5es dos Conselhos Regionais (CRPs) ou \u00e0 consulta nacional para o Conselho Federal de Psicologia (CFP) devem efetuar a inscri\u00e7\u00e3o via sistema eletr\u00f4nico Sistema e-Chapas. O sistema pode ser acessado em <a href=\"https:\/\/e-chapas.cfp.org.br\/\">https:\/\/e-chapas.cfp.org.br\/<\/a> ou no site das elei\u00e7\u00f5es <a href=\"https:\/\/eleicoespsicologia.org.br\/crp06\/\">https:\/\/eleicoespsicologia.org.br\/crp06\/<\/a> no item <em>inscreva sua chapa<\/em>.<\/p>\n\n\n<div class=\"wp-block-image\">\n<figure class=\"alignleft size-full\"><img loading=\"lazy\" decoding=\"async\" width=\"421\" height=\"144\" src=\"https:\/\/eleicoespsicologia.org.br\/crp06\/wp-content\/uploads\/sites\/4\/2025\/02\/site-crp06.png\" alt=\"\" class=\"wp-image-267\" srcset=\"https:\/\/eleicoespsicologia.org.br\/crp06\/wp-content\/uploads\/sites\/4\/2025\/02\/site-crp06.png 421w, https:\/\/eleicoespsicologia.org.br\/crp06\/wp-content\/uploads\/sites\/4\/2025\/02\/site-crp06-300x103.png 300w\" sizes=\"auto, (max-width: 421px) 100vw, 421px\" \/><\/figure>\n<\/div>\n\n\n<p>Nesta etapa, que teve in\u00edcio em 18 de fevereiro e terminar\u00e1 em 22 de mar\u00e7o de 2025, as encabe\u00e7adoras de chapa dever\u00e3o acessar o sistema para inscrever suas integrantes. Ser\u00e1 criado um login e senha de acesso para a encabe\u00e7adora. Importante observar que o primeiro cadastro a ser realizado no sistema e-Chapas dever\u00e1 ser o da encabe\u00e7adora da chapa. Uma vez finalizado o pr\u00f3prio cadastro, a encabe\u00e7adora dever\u00e1 cadastrar as demais integrantes da chapa.<\/p>\n\n\n\n<p>Conforme Resolu\u00e7\u00e3o 10\/2024:<\/p>\n\n\n\n<p>Art. 9\u00ba A inscri\u00e7\u00e3o das candidatas se dar\u00e1 em chapas, com tantos nomes para membros efetivos e suplentes quantas forem as vagas a serem preenchidas.<\/p>\n\n\n\n<p>\u00a7 1\u00ba O n\u00famero de conselheiras efetivas e suplentes ser\u00e1 definido em fun\u00e7\u00e3o do n\u00famero de profissionais inscritos no Conselho Regional de Psicologia, de acordo com o disposto na Resolu\u00e7\u00e3o CFP n\u00ba 03\/2007.<\/p>\n\n\n\n<p>Nas elei\u00e7\u00f5es para o CRP-SP ser\u00e3o eleitas 15 membros titulares e 15 suplentes.<\/p>\n\n\n\n<p>Nesta primeira fase de cadastro dever\u00e1 ser informado quais integrantes da chapa far\u00e3o parte dos percentuais obrigat\u00f3rios de reserva de vagas, conforme previsto na Resolu\u00e7\u00e3o 10\/2024,<\/p>\n\n\n\n<p>Art. 9\u00ba:<\/p>\n\n\n\n<p>\u00a7 4\u00ba Ser\u00e3o reservados, no m\u00ednimo, 20% (vinte por cento) das vagas para pessoas negras ou pessoas ind\u00edgenas, al\u00e9m de, necessariamente, no m\u00ednimo, 20% (vinte por cento) de reserva de vagas para pessoas trans, pessoas com defici\u00eancia, pessoas pertencentes a comunidades quilombolas ou povos e comunidades de terreiro\/povos e comunidade de matriz africana.<\/p>\n\n\n\n<p>Na fase posterior, entre 23 e 31 de mar\u00e7o, o acesso ao Sistema e-Chapas ser\u00e1 disponibilizado para que sejam realizados, pelas chapas inscritas, o envio obrigat\u00f3rio dos documentos e comprovantes exigidos pela&nbsp;<a href=\"https:\/\/eleicoespsicologia.org.br\/wp-content\/uploads\/2024\/12\/Resolucao-Administrativa_Financeira-10-2024-do-Conselho-Federal-de-Psicologia-BR-5.pdf\">Resolu\u00e7\u00e3o CFP n\u00ba 10\/2024<\/a>&nbsp; \u2013 que institui o regimento eleitoral.<\/p>\n\n\n\n<p>De acordo com o regramento, s\u00e3o exigidos no ato de inscri\u00e7\u00e3o, entre outros documentos:&nbsp;<\/p>\n\n\n\n<ol class=\"wp-block-list\">\n<li>Termo de concord\u00e2ncia da candidatura e de elegibilidade;&nbsp;<\/li>\n\n\n\n<li>C\u00f3pia colorida, n\u00edtida e v\u00e1lida da Carteira de Identidade Profissional, da Carteira Nacional de Identidade, do Passaporte brasileiro ou da Carteira Nacional de Habilita\u00e7\u00e3o;&nbsp;<\/li>\n\n\n\n<li>C\u00f3pia colorida e n\u00edtida do CPF ou comprovante de situa\u00e7\u00e3o cadastral, caso ele n\u00e3o conste da Carteira Nacional de Identidade;&nbsp;<\/li>\n\n\n\n<li>Certid\u00e3o de Quita\u00e7\u00e3o da Justi\u00e7a Eleitoral;&nbsp;<\/li>\n\n\n\n<li>Comprova\u00e7\u00e3o de cumprimento com as obriga\u00e7\u00f5es militares, como certificado de dispensa de incorpora\u00e7\u00e3o ou carta patente, para homens cis e homens trans menores de 45 (quarenta e cinco) anos de idade;&nbsp;<\/li>\n\n\n\n<li>Certid\u00e3o de nada consta de antecedentes criminais, no \u00e2mbito estadual, emitida pela Justi\u00e7a estadual;&nbsp;<\/li>\n\n\n\n<li>Certid\u00e3o de nada consta de antecedentes criminais, no \u00e2mbito federal, emitida pela Justi\u00e7a Federal.<\/li>\n<\/ol>\n\n\n\n<p>Al\u00e9m disso, s\u00e3o exigidos documentos requeridos no artigo 7\u00ba, \u00a7 4\u00ba, IV (para participantes da Consulta Nacional) e no artigo 9\u00ba, \u00a7 4\u00ba (para participantes de elei\u00e7\u00e3o regional).&nbsp;<\/p>\n\n\n\n<p>Acesse&nbsp;<a href=\"https:\/\/eleicoespsicologia.org.br\/wp-content\/uploads\/2024\/12\/Resolucao-Administrativa_Financeira-10-2024-do-Conselho-Federal-de-Psicologia-BR-5.pdf\">aqui<\/a>&nbsp;a lista completa dos documentos estabelecidos na Resolu\u00e7\u00e3o CFP n\u00ba 10\/2024.<\/p>\n\n\n\n<p>\u00c9 importante ressaltar que os documentos comprobat\u00f3rios para candidaturas que comp\u00f5em as reservas de vagas s\u00e3o estipulados pela<a href=\"https:\/\/eleicoespsicologia.org.br\/wp-content\/uploads\/2025\/02\/Instrucao-normativa-1-2025-Conselho-federal-de-psicologia-BR.pdf\">&nbsp;Instru\u00e7\u00e3o Normativa n\u00ba 01\/2025<\/a>, do Conselho Federal de Psicologia, e aferidos pela Comiss\u00e3o de A\u00e7\u00f5es Afirmativas e Heteroidentifica\u00e7\u00e3o.<\/p>\n\n\n\n<p>Uma vez conclu\u00eddo o prazo para a inscri\u00e7\u00e3o das chapas, entre os dias 1\u00ba e 22 de abril de 2025, as respectivas Comiss\u00f5es Eleitorais dever\u00e3o avaliar o cumprimento das condi\u00e7\u00f5es de elegibilidade e impedimento em rela\u00e7\u00e3o a cada uma das candidaturas, com o apoio dos t\u00e9cnicos do CFP e dos CRPs. Nesse mesmo per\u00edodo, segundo estabelece a Instru\u00e7\u00e3o Normativa 01\/2025, ser\u00e3o realizadas as bancas de heteroidentifica\u00e7\u00e3o em at\u00e9 duas chamadas: uma regular e outra para as(os) candidatas(os) que, por algum motivo, n\u00e3o conseguiram se apresentar na primeira chamada.<\/p>\n\n\n\n<p><strong>Confira as pr\u00f3ximas etapas<\/strong><\/p>\n\n\n\n<p>\u2013 Ajuste Cadastral: 24 de abril e 05 de maio.<\/p>\n\n\n\n<p>\u2013 An\u00e1lise do ajuste cadastral: 06 a 19 de maio (aprecia\u00e7\u00e3o) e, at\u00e9 21 de maio, deferimento ou indeferimento do registro da chapa.<\/p>\n\n\n\n<p>\u2013 Recurso \u00e0 CER, em caso de impugna\u00e7\u00e3o de candidata ou indeferimento de chapa para o CRP: entre 22 e 27 de maio.<\/p>\n\n\n\n<p>\u2013 Recurso \u00e0 CEE: entre 22 e 27 de maio.<\/p>\n\n\n\n<p>\u2013 Homologa\u00e7\u00e3o da chapa: 9 de junho.<\/p>\n\n\n\n<p>\u2013 Elei\u00e7\u00f5es: 23 a 27 de agosto de 2025.<\/p>\n\n\n\n<p>Em caso de d\u00favidas, para pleito no \u00e2mbito dos CRP SP, entre em contato com a Comiss\u00e3o Regional Eleitoral (CRE) atrav\u00e9s do e-mail <a href=\"mailto:eleicoes2025@crpsp.org.br\">eleicoes2025@crpsp.org.br<\/a>. J\u00e1 para d\u00favidas sobre a consulta nacional, referente \u00e0 escolha da gest\u00e3o do CFP, deve ser procurada a Comiss\u00e3o Eleitoral Especial (CEE), pelo e-mail <a href=\"mailto:cee@cfp.org.br\">cee@cfp.org.br<\/a>.<\/p>\n","protected":false},"excerpt":{"rendered":"<p>Encabe\u00e7adoras devem realizar inscri\u00e7\u00e3o entre 18\/02 e 22\/03 no sistema e-chapas. Documenta\u00e7\u00e3o exigida dever\u00e1 ser enviada de 23 a 31 de mar\u00e7o tamb\u00e9m via sistema e-chapas. Entenda como fazer a inscri\u00e7\u00e3o. As(os) profissionais da Psicologia interessadas(os) em inscrever suas chapas para concorrer \u00e0s elei\u00e7\u00f5es dos Conselhos Regionais (CRPs) ou \u00e0 consulta nacional para o Conselho&#8230; <a class=\"moretag\" href=\"https:\/\/eleicoespsicologia.org.br\/crp06\/entenda-como-inscrever-sua-chapa-para-as-eleicoes-2025\/\">Continue lendo <span class=\"screen-reader-text\">&#8220;Entenda como inscrever sua chapa para as Elei\u00e7\u00f5es 2025&#8221;<\/span><\/a><\/p>\n","protected":false},"author":2,"featured_media":0,"comment_status":"closed","ping_status":"open","sticky":false,"template":"","format":"standard","meta":{"_acf_changed":false,"footnotes":""},"categories":[5],"tags":[],"class_list":["post-266","post","type-post","status-publish","format-standard","hentry","category-eleicoes-2025"],"acf":[],"_links":{"self":[{"href":"https:\/\/eleicoespsicologia.org.br\/crp06\/wp-json\/wp\/v2\/posts\/266","targetHints":{"allow":["GET"]}}],"collection":[{"href":"https:\/\/eleicoespsicologia.org.br\/crp06\/wp-json\/wp\/v2\/posts"}],"about":[{"href":"https:\/\/eleicoespsicologia.org.br\/crp06\/wp-json\/wp\/v2\/types\/post"}],"author":[{"embeddable":true,"href":"https:\/\/eleicoespsicologia.org.br\/crp06\/wp-json\/wp\/v2\/users\/2"}],"replies":[{"embeddable":true,"href":"https:\/\/eleicoespsicologia.org.br\/crp06\/wp-json\/wp\/v2\/comments?post=266"}],"version-history":[{"count":2,"href":"https:\/\/eleicoespsicologia.org.br\/crp06\/wp-json\/wp\/v2\/posts\/266\/revisions"}],"predecessor-version":[{"id":269,"href":"https:\/\/eleicoespsicologia.org.br\/crp06\/wp-json\/wp\/v2\/posts\/266\/revisions\/269"}],"wp:attachment":[{"href":"https:\/\/eleicoespsicologia.org.br\/crp06\/wp-json\/wp\/v2\/media?parent=266"}],"wp:term":[{"taxonomy":"category","embeddable":true,"href":"https:\/\/eleicoespsicologia.org.br\/crp06\/wp-json\/wp\/v2\/categories?post=266"},{"taxonomy":"post_tag","embeddable":true,"href":"https:\/\/eleicoespsicologia.org.br\/crp06\/wp-json\/wp\/v2\/tags?post=266"}],"curies":[{"name":"wp","href":"https:\/\/api.w.org\/{rel}","templated":true}]}}