{"id":162,"date":"2025-02-25T10:31:56","date_gmt":"2025-02-25T13:31:56","guid":{"rendered":"https:\/\/eleicoespsicologia.org.br\/crp08\/?p=162"},"modified":"2025-02-25T10:38:16","modified_gmt":"2025-02-25T13:38:16","slug":"comissao-regional-eleitoral-convoca-profissionais-da-psicologia-para-as-eleicoes-de-2025","status":"publish","type":"post","link":"https:\/\/eleicoespsicologia.org.br\/crp08\/comissao-regional-eleitoral-convoca-profissionais-da-psicologia-para-as-eleicoes-de-2025\/","title":{"rendered":"Comiss\u00e3o Regional Eleitoral convoca profissionais da Psicologia para as elei\u00e7\u00f5es de 2025"},"content":{"rendered":"\n<figure class=\"wp-block-image\"><img decoding=\"async\" src=\"https:\/\/crppr.org.br\/wp-content\/uploads\/2025\/02\/Site-1-1024x580.png\" alt=\"A imagem \u00e9 um cartaz digital convocando para as elei\u00e7\u00f5es dos Conselhos de Psicologia de 2025. O design utiliza tons de azul, branco e laranja, com uma estrutura geom\u00e9trica que inclui faixas diagonais. No topo, h\u00e1 um logotipo com o texto &quot;Elei\u00e7\u00f5es online Conselhos de Psicologia 2025&quot;, acompanhado de um \u00edcone circular com elementos interligados. No centro, um destaque em fundo laranja cont\u00e9m a palavra &quot;ATEN\u00c7\u00c3O&quot; em letras brancas e mai\u00fasculas. Abaixo, em texto azul, est\u00e1 escrito &quot;Edital de Convoca\u00e7\u00e3o para as Elei\u00e7\u00f5es de 2025&quot;. Na parte inferior do cartaz, h\u00e1 a identifica\u00e7\u00e3o das entidades envolvidas: Conselho Federal de Psicologia, Conselhos Regionais de Psicologia e o Conselho Regional de Psicologia do Paran\u00e1, com seus respectivos logotipos.\" class=\"wp-image-68061\"\/><\/figure>\n\n\n\n<p><\/p>\n\n\n\n<p>De 23 a 27 de agosto deste ano ser\u00e3o realizadas as elei\u00e7\u00f5es para representantes dos Conselhos Regionais de Psicologia&nbsp; no tri\u00eanio 2025 a 2028. A vota\u00e7\u00e3o ser\u00e1 exclusivamente na modalidade online, pelo site&nbsp;<a href=\"https:\/\/eleicoespsicologia.org.br\/\" target=\"_blank\" rel=\"noreferrer noopener\">https:\/\/eleicoespsicologia.org.br<\/a>. Tamb\u00e9m ser\u00e3o disponibilizados Pontos de Apoio a Vota\u00e7\u00e3o, em locais oportunamente divulgados por meio de edital.&nbsp;<\/p>\n\n\n\n<p>Todas as pessoas psic\u00f3logas regularmente inscritas e adimplentes no CRP-PR devem participar das elei\u00e7\u00f5es. O voto \u00e9 secreto, pessoal, intransfer\u00edvel e obrigat\u00f3rio, sendo facultativo apenas para profissionais com idade igual ou superior a 65 anos. A pessoa eleitora dar\u00e1 seu voto \u00e0 chapa completa dentre as homologadas no pleito.&nbsp;<\/p>\n\n\n\n<p>Cada chapa regional contar\u00e1 com 15 membros efetivos e 15 suplentes. Do total de vagas, ser\u00e3o reservadas, no m\u00ednimo, 20% para pessoas negras ou pessoas ind\u00edgenas e outras 20% para pessoas trans, pessoas com defici\u00eancia, pessoas pertencentes a comunidades quilombolas ou povos e comunidades de terreiro\/povos e comunidades de matriz africana: Al\u00e9m disso, ser\u00e3o garantidas pelo 50% das vagas para mulheres. As chapas ser\u00e3o preferencialmente compostas proporcionalmente por pessoas candidatas que representem ou as macrorregi\u00f5es, ou as Subsedes, ou as Se\u00e7\u00f5es, ou as diversas regi\u00f5es de jurisdi\u00e7\u00e3o do CRP-PR.<\/p>\n\n\n\n<p>Somente poder\u00e3o se candidatar e votar profissionais com inscri\u00e7\u00e3o principal no CRP-PR, mesmo que provis\u00f3ria. A Comiss\u00e3o Regional Eleitoral (CRE) receber\u00e1 os pedidos de inscri\u00e7\u00f5es de chapas entre 18 de fevereiro e 22 de mar\u00e7o, durante o Congresso Regional de Psicologia (COREPSI). As solicita\u00e7\u00f5es devem ser encaminhadas via Sistema E-chapas \u2013&nbsp;<a href=\"https:\/\/e-chapas.cfp.org.br\/\" target=\"_blank\" rel=\"noreferrer noopener\">https:\/\/e-chapas.cfp.org.br\/<\/a>. Mais informa\u00e7\u00f5es podem ser obtidas com a CRE, pelo e-mail&nbsp;<a href=\"mailto:eleitoral@crppr.org.br\" target=\"_blank\" rel=\"noreferrer noopener\">eleitoral@crppr.org.br<\/a>, ou na sede do CRP-PR, em Curitiba.<\/p>\n\n\n\n<p><strong>Consulta Nacional para o Conselho Federal de Psicologia<\/strong><\/p>\n\n\n\n<p>Dos dias 23 a 27 de tamb\u00e9m ser\u00e1 feita a Consulta Nacional para o Conselho Federal de Psicologia (CFP), gest\u00e3o 2025-2028. As chapas que concorrer\u00e3o \u00e0 Consulta Nacional devem ser inscritas de 18 de fevereiro a 22 de mar\u00e7o, mesmo per\u00edodo destinado ao registro das chapas para as elei\u00e7\u00f5es dos CRPs.&nbsp;<\/p>\n\n\n\n<p>Cada chapa em \u00e2mbito nacional ter\u00e1 11 membros efetivos e 11 suplentes. As reservas de vagas seguem as mesmas propor\u00e7\u00f5es estabelecidas para as elei\u00e7\u00f5es dos CRPs.<\/p>\n\n\n\n<p>\u00c9 necess\u00e1rio que as pessoas candidatas tenham inscri\u00e7\u00e3o em qualquer CRP, exceto aquelas candidatas aos cargos de Secret\u00e1rias Regionais, que precisam estar inscritas no CRP da respectiva regi\u00e3o geogr\u00e1fica.&nbsp;<strong>Mas aten\u00e7\u00e3o<\/strong>: n\u00e3o \u00e9 poss\u00edvel concorrer simultaneamente a cargo do CRP e do CFP nem figurar em chapa regional como candidata ao CFP.<\/p>\n\n\n\n<p>Os pedidos de inscri\u00e7\u00e3o de chapas devem ser enviados via Sistema E-chapas \u2013&nbsp;<a href=\"https:\/\/e-chapas.cfp.org.br\/\" target=\"_blank\" rel=\"noreferrer noopener\">https:\/\/e-chapas.cfp.org.br\/<\/a>. Para mais informa\u00e7\u00f5es, entrar em contato com a Comiss\u00e3o Eleitoral Especial pelo e-mail&nbsp;<a href=\"mailto:cee@cfp.org.br\" target=\"_blank\" rel=\"noreferrer noopener\">cee@cfp.org.br<\/a>.<\/p>\n\n\n\n<div class=\"wp-block-buttons is-layout-flex wp-block-buttons-is-layout-flex\">\n<div class=\"wp-block-button has-custom-width wp-block-button__width-100\"><a class=\"wp-block-button__link wp-element-button\" href=\"https:\/\/eleicoespsicologia.org.br\/crp08\/wp-content\/uploads\/sites\/2\/2025\/02\/crp08-edital-de-convocacao-eleicoes-2025.pdf\" target=\"_blank\" rel=\" noreferrer noopener nofollow\">Leia a \u00edntegra do Edital n\u00ba 001\/2025 (Convoca\u00e7\u00e3o para as Elei\u00e7\u00f5es de 2025) clicando aqui.<\/a><\/div>\n<\/div>\n","protected":false},"excerpt":{"rendered":"<p>De 23 a 27 de agosto deste ano ser\u00e3o realizadas as elei\u00e7\u00f5es para representantes dos Conselhos Regionais de Psicologia&nbsp; no tri\u00eanio 2025 a 2028. A vota\u00e7\u00e3o ser\u00e1 exclusivamente na modalidade online, pelo site&nbsp;https:\/\/eleicoespsicologia.org.br. Tamb\u00e9m ser\u00e3o disponibilizados Pontos de Apoio a Vota\u00e7\u00e3o, em locais oportunamente divulgados por meio de edital.&nbsp; Todas as pessoas psic\u00f3logas regularmente inscritas&#8230; <a class=\"moretag\" href=\"https:\/\/eleicoespsicologia.org.br\/crp08\/comissao-regional-eleitoral-convoca-profissionais-da-psicologia-para-as-eleicoes-de-2025\/\">Continue lendo <span class=\"screen-reader-text\">&#8220;Comiss\u00e3o Regional Eleitoral convoca profissionais da Psicologia para as elei\u00e7\u00f5es de 2025&#8221;<\/span><\/a><\/p>\n","protected":false},"author":2,"featured_media":0,"comment_status":"closed","ping_status":"open","sticky":false,"template":"","format":"standard","meta":{"_acf_changed":false,"footnotes":""},"categories":[7],"tags":[],"class_list":["post-162","post","type-post","status-publish","format-standard","hentry","category-eleicoes-2025"],"acf":[],"_links":{"self":[{"href":"https:\/\/eleicoespsicologia.org.br\/crp08\/wp-json\/wp\/v2\/posts\/162","targetHints":{"allow":["GET"]}}],"collection":[{"href":"https:\/\/eleicoespsicologia.org.br\/crp08\/wp-json\/wp\/v2\/posts"}],"about":[{"href":"https:\/\/eleicoespsicologia.org.br\/crp08\/wp-json\/wp\/v2\/types\/post"}],"author":[{"embeddable":true,"href":"https:\/\/eleicoespsicologia.org.br\/crp08\/wp-json\/wp\/v2\/users\/2"}],"replies":[{"embeddable":true,"href":"https:\/\/eleicoespsicologia.org.br\/crp08\/wp-json\/wp\/v2\/comments?post=162"}],"version-history":[{"count":3,"href":"https:\/\/eleicoespsicologia.org.br\/crp08\/wp-json\/wp\/v2\/posts\/162\/revisions"}],"predecessor-version":[{"id":168,"href":"https:\/\/eleicoespsicologia.org.br\/crp08\/wp-json\/wp\/v2\/posts\/162\/revisions\/168"}],"wp:attachment":[{"href":"https:\/\/eleicoespsicologia.org.br\/crp08\/wp-json\/wp\/v2\/media?parent=162"}],"wp:term":[{"taxonomy":"category","embeddable":true,"href":"https:\/\/eleicoespsicologia.org.br\/crp08\/wp-json\/wp\/v2\/categories?post=162"},{"taxonomy":"post_tag","embeddable":true,"href":"https:\/\/eleicoespsicologia.org.br\/crp08\/wp-json\/wp\/v2\/tags?post=162"}],"curies":[{"name":"wp","href":"https:\/\/api.w.org\/{rel}","templated":true}]}}