{"id":169,"date":"2025-02-25T10:40:43","date_gmt":"2025-02-25T13:40:43","guid":{"rendered":"https:\/\/eleicoespsicologia.org.br\/crp08\/?p=169"},"modified":"2025-02-25T10:41:48","modified_gmt":"2025-02-25T13:41:48","slug":"comissao-regional-eleitoral-cre-do-crp-pr-e-formada-para-conduzir-processo-eleitoral-em-2025","status":"publish","type":"post","link":"https:\/\/eleicoespsicologia.org.br\/crp08\/comissao-regional-eleitoral-cre-do-crp-pr-e-formada-para-conduzir-processo-eleitoral-em-2025\/","title":{"rendered":"Comiss\u00e3o Regional Eleitoral (CRE) do CRP-PR \u00e9 formada para conduzir processo eleitoral em 2025"},"content":{"rendered":"\n<figure class=\"wp-block-image\"><img decoding=\"async\" src=\"https:\/\/crppr.org.br\/wp-content\/uploads\/2024\/12\/Site-2-1024x579.jpg\" alt=\"Descri\u00e7\u00e3o da imagem: A imagem possui um fundo azul com marcas de verifica\u00e7\u00e3o em um padr\u00e3o repetido. No centro superior, h\u00e1 um \u00edcone circular verde com um s\u00edmbolo de &quot;check&quot; branco. Abaixo do \u00edcone, est\u00e1 o t\u00edtulo em destaque que diz &quot;ELEI\u00c7\u00d5ES 2025&quot; com a frase &quot;Conselhos Regionais e Federal de Psicologia&quot; logo abaixo. No centro da imagem, em uma faixa verde clara, est\u00e1 o texto principal: &quot;COMISS\u00c3O REGIONAL ELEITORAL (CRE) DO CRP-PR \u00c9 FORMADA PARA CONDUZIR PROCESSO ELEITORAL EM 2025&quot;. Na parte inferior, h\u00e1 o logotipo do Conselho Regional de Psicologia do Paran\u00e1 (CRP-PR), que \u00e9 uma ilustra\u00e7\u00e3o estilizada de uma \u00e1rvore com o nome da entidade abaixo. O layout da imagem \u00e9 organizado e utiliza tons de verde e azul, destacando a informa\u00e7\u00e3o sobre o processo eleitoral do CRP-PR em 2025.\" class=\"wp-image-67321\"\/><\/figure>\n\n\n\n<p><br>Em 2025, profissionais de Psicologia v\u00e3o poder eleger um novo grupo de pessoas psic\u00f3logas para gerir o Conselho Regional de Psicologia do Paran\u00e1 (CRP-PR) no per\u00edodo de 2025 a 2028. Para que esse processo ocorra de forma democr\u00e1tica e transparente, atendendo ao disposto no Regimento Eleitoral, foi formada a Comiss\u00e3o Regional Eleitoral (CRE), que ir\u00e1 conduzir as formalidades e o rito acerca das elei\u00e7\u00f5es.\u00a0<\/p>\n\n\n\n<p>Nas Assembleias Gerais Extraordin\u00e1ri\u00e1is, realizadas respectivamente em 11 de outubro e tamb\u00e9m em 22 de novembro, foi deflagrado o processo eleitoral. Nesta etapa, foram indicados e aprovados os nomes de Psic. Suzete Ferreira dos Santos (CRP-08\/14505), para presidir a CRE; Psic. Claudia Barbosa (CRP-08\/05631) e Psic. Silvana Batista Moreira Lopes (CRP-08\/08392) para membros efetivas; e Psic. Anna Paula Cuadro (CRP-08\/28947), Psic. Jaqueline Tubin Fieira (CRP-08\/15346) e Psic. Danilo Zeferino Brand\u00e3o (CRP-08\/22055 para membros suplentes.&nbsp;<\/p>\n\n\n\n<p>Neste sentido, pensando nas elei\u00e7\u00f5es que acontecem em agosto do pr\u00f3ximo ano, a presidenta da CRE comenta que \u201ca Comiss\u00e3o tem por objetivo conduzir esse processo para que ocorra de maneira a garantir a liberdade de express\u00e3o e o respeito pelas diferen\u00e7as ideol\u00f3gicas, promovendo a ampla participa\u00e7\u00e3o democr\u00e1tica\u201d. Ela tamb\u00e9m pontua que os Conselhos surgiram em resposta \u00e0s necessidades da sociedade e, por isso, orienta que a categoria exer\u00e7a o direito ao voto de maneira consciente e participativa.<\/p>\n\n\n\n<p>Hei, psi! Acompanhe o site do CRP-PR e do Conselho Federal de Psicologia para acompanhar o processo eleitoral ao longo de 2025.&nbsp;<\/p>\n\n\n\n<p><strong>N\u00e3o esque\u00e7a:&nbsp;<\/strong>as elei\u00e7\u00f5es acontecem entre os dias 23 e 27 de agosto de 2025!<\/p>\n\n\n\n<p><strong>Saiba mais<\/strong><\/p>\n\n\n\n<p><strong>Regimento Eleitoral:&nbsp;<\/strong><a href=\"https:\/\/atosoficiais.com.br\/cfp\/resolucao-administrativa-financeira-n-10-2024-aprova-o-regimento-eleitoral-para-escolha-de-conselheiros-federais-e-regionais-dos-conselhos-de-psicologia\" target=\"_blank\" rel=\"noreferrer noopener\">https:\/\/atosoficiais.com.br\/cfp\/resolucao-administrativa-financeira-n-10-2024-aprova-o-regimento-eleitoral-para-escolha-de-conselheiros-federais-e-regionais-dos-conselhos-de-psicologia<\/a><\/p>\n","protected":false},"excerpt":{"rendered":"<p>Em 2025, profissionais de Psicologia v\u00e3o poder eleger um novo grupo de pessoas psic\u00f3logas para gerir o Conselho Regional de Psicologia do Paran\u00e1 (CRP-PR) no per\u00edodo de 2025 a 2028. Para que esse processo ocorra de forma democr\u00e1tica e transparente, atendendo ao disposto no Regimento Eleitoral, foi formada a Comiss\u00e3o Regional Eleitoral (CRE), que ir\u00e1&#8230; <a class=\"moretag\" href=\"https:\/\/eleicoespsicologia.org.br\/crp08\/comissao-regional-eleitoral-cre-do-crp-pr-e-formada-para-conduzir-processo-eleitoral-em-2025\/\">Continue lendo <span class=\"screen-reader-text\">&#8220;Comiss\u00e3o Regional Eleitoral (CRE) do CRP-PR \u00e9 formada para conduzir processo eleitoral em 2025&#8221;<\/span><\/a><\/p>\n","protected":false},"author":2,"featured_media":0,"comment_status":"closed","ping_status":"open","sticky":false,"template":"","format":"standard","meta":{"_acf_changed":false,"footnotes":""},"categories":[7],"tags":[],"class_list":["post-169","post","type-post","status-publish","format-standard","hentry","category-eleicoes-2025"],"acf":[],"_links":{"self":[{"href":"https:\/\/eleicoespsicologia.org.br\/crp08\/wp-json\/wp\/v2\/posts\/169","targetHints":{"allow":["GET"]}}],"collection":[{"href":"https:\/\/eleicoespsicologia.org.br\/crp08\/wp-json\/wp\/v2\/posts"}],"about":[{"href":"https:\/\/eleicoespsicologia.org.br\/crp08\/wp-json\/wp\/v2\/types\/post"}],"author":[{"embeddable":true,"href":"https:\/\/eleicoespsicologia.org.br\/crp08\/wp-json\/wp\/v2\/users\/2"}],"replies":[{"embeddable":true,"href":"https:\/\/eleicoespsicologia.org.br\/crp08\/wp-json\/wp\/v2\/comments?post=169"}],"version-history":[{"count":2,"href":"https:\/\/eleicoespsicologia.org.br\/crp08\/wp-json\/wp\/v2\/posts\/169\/revisions"}],"predecessor-version":[{"id":171,"href":"https:\/\/eleicoespsicologia.org.br\/crp08\/wp-json\/wp\/v2\/posts\/169\/revisions\/171"}],"wp:attachment":[{"href":"https:\/\/eleicoespsicologia.org.br\/crp08\/wp-json\/wp\/v2\/media?parent=169"}],"wp:term":[{"taxonomy":"category","embeddable":true,"href":"https:\/\/eleicoespsicologia.org.br\/crp08\/wp-json\/wp\/v2\/categories?post=169"},{"taxonomy":"post_tag","embeddable":true,"href":"https:\/\/eleicoespsicologia.org.br\/crp08\/wp-json\/wp\/v2\/tags?post=169"}],"curies":[{"name":"wp","href":"https:\/\/api.w.org\/{rel}","templated":true}]}}