{"id":185,"date":"2025-03-20T11:30:20","date_gmt":"2025-03-20T14:30:20","guid":{"rendered":"https:\/\/eleicoespsicologia.org.br\/crp08\/?p=185"},"modified":"2025-03-20T11:34:15","modified_gmt":"2025-03-20T14:34:15","slug":"informe-as-chapas-inscritas-para-o-pleito-2025","status":"publish","type":"post","link":"https:\/\/eleicoespsicologia.org.br\/crp08\/informe-as-chapas-inscritas-para-o-pleito-2025\/","title":{"rendered":"INFORME \u00c0S CHAPAS INSCRITAS PARA O PLEITO 2025"},"content":{"rendered":"\n<p>A Comiss\u00e3o Regional Eleitoral (CRE) do do Conselho Regional de Psicologia do Paran\u00e1, no uso de suas atribui\u00e7\u00f5es conferidas pela Resolu\u00e7\u00e3o CFP 010\/2024 (Regimento Eleitoral)&nbsp;tem a informar que:<\/p>\n\n\n\n<ul class=\"wp-block-list\">\n<li>Nos dias 21, 22 e 23 de mar\u00e7o de 2025 acontecer\u00e1 o 12\u00ba Congresso Regional da Psicologia (COREPSI), na sede do CRP-PR em Curitiba (Avenida S\u00e3o Jos\u00e9, 699 &#8211; Cristo Rei &#8211; Curitiba-PR).<\/li>\n\n\n\n<li>Durante a realiza\u00e7\u00e3o do Congresso, membros da Comiss\u00e3o Regional Eleitoral estar\u00e3o dispon\u00edveis para sanar d\u00favidas de eventuais pessoas interessadas no processo eleitoral e\/ou representantes de chapas inscritas para as elei\u00e7\u00f5es de 2025.&nbsp;<\/li>\n\n\n\n<li>Conforme a programa\u00e7\u00e3o do COREPSI, haver\u00e1 espa\u00e7o para a apresenta\u00e7\u00e3o das chapas inscritas, no dia&nbsp;<strong>23 de mar\u00e7o de 2025<\/strong>&nbsp;(domingo), a partir das&nbsp;<strong>16h<\/strong>, durante a realiza\u00e7\u00e3o do Congresso.&nbsp;Cada chapa inscrita poder\u00e1 ser representada pela pessoa que a encabe\u00e7a e\/ou por membros designados mediante chamamento da Comiss\u00e3o Eleitoral.&nbsp;O tempo de apresenta\u00e7\u00e3o de cada chapa ser\u00e1 de 05 (cinco) minutos, de acordo com a ordem de inscri\u00e7\u00e3o de cada chapa no processo eleitoral.<\/li>\n\n\n\n<li>Informa\u00e7\u00f5es adicionais podem ser obtidas pelo e-mail eleitoral@crppr.org.br.<\/li>\n<\/ul>\n\n\n\n<p><\/p>\n\n\n\n<p>Curitiba, 19 de mar\u00e7o de 2025.<\/p>\n\n\n\n<p>Psic. Suzete Ferreira dos Santos<br>CRP-08\/14505 | Presidenta<br>Comiss\u00e3o Regional Eleitoral (CRE)<\/p>\n","protected":false},"excerpt":{"rendered":"<p>A Comiss\u00e3o Regional Eleitoral (CRE) do do Conselho Regional de Psicologia do Paran\u00e1, no uso de suas atribui\u00e7\u00f5es conferidas pela Resolu\u00e7\u00e3o CFP 010\/2024 (Regimento Eleitoral)&nbsp;tem a informar que: Curitiba, 19 de mar\u00e7o de 2025. Psic. Suzete Ferreira dos SantosCRP-08\/14505 | PresidentaComiss\u00e3o Regional Eleitoral (CRE)<\/p>\n","protected":false},"author":2,"featured_media":0,"comment_status":"closed","ping_status":"open","sticky":false,"template":"","format":"standard","meta":{"_acf_changed":false,"footnotes":""},"categories":[7],"tags":[],"class_list":["post-185","post","type-post","status-publish","format-standard","hentry","category-eleicoes-2025"],"acf":[],"_links":{"self":[{"href":"https:\/\/eleicoespsicologia.org.br\/crp08\/wp-json\/wp\/v2\/posts\/185","targetHints":{"allow":["GET"]}}],"collection":[{"href":"https:\/\/eleicoespsicologia.org.br\/crp08\/wp-json\/wp\/v2\/posts"}],"about":[{"href":"https:\/\/eleicoespsicologia.org.br\/crp08\/wp-json\/wp\/v2\/types\/post"}],"author":[{"embeddable":true,"href":"https:\/\/eleicoespsicologia.org.br\/crp08\/wp-json\/wp\/v2\/users\/2"}],"replies":[{"embeddable":true,"href":"https:\/\/eleicoespsicologia.org.br\/crp08\/wp-json\/wp\/v2\/comments?post=185"}],"version-history":[{"count":3,"href":"https:\/\/eleicoespsicologia.org.br\/crp08\/wp-json\/wp\/v2\/posts\/185\/revisions"}],"predecessor-version":[{"id":191,"href":"https:\/\/eleicoespsicologia.org.br\/crp08\/wp-json\/wp\/v2\/posts\/185\/revisions\/191"}],"wp:attachment":[{"href":"https:\/\/eleicoespsicologia.org.br\/crp08\/wp-json\/wp\/v2\/media?parent=185"}],"wp:term":[{"taxonomy":"category","embeddable":true,"href":"https:\/\/eleicoespsicologia.org.br\/crp08\/wp-json\/wp\/v2\/categories?post=185"},{"taxonomy":"post_tag","embeddable":true,"href":"https:\/\/eleicoespsicologia.org.br\/crp08\/wp-json\/wp\/v2\/tags?post=185"}],"curies":[{"name":"wp","href":"https:\/\/api.w.org\/{rel}","templated":true}]}}