{"id":217,"date":"2025-07-08T13:53:12","date_gmt":"2025-07-08T16:53:12","guid":{"rendered":"https:\/\/eleicoespsicologia.org.br\/crp08\/?p=217"},"modified":"2025-07-08T13:53:38","modified_gmt":"2025-07-08T16:53:38","slug":"tres-chapas-sao-homologadas-e-vao-concorrer-as-eleicoes-do-crp-pr-em-agosto-de-2025","status":"publish","type":"post","link":"https:\/\/eleicoespsicologia.org.br\/crp08\/tres-chapas-sao-homologadas-e-vao-concorrer-as-eleicoes-do-crp-pr-em-agosto-de-2025\/","title":{"rendered":"Tr\u00eas chapas s\u00e3o homologadas e v\u00e3o concorrer \u00e0s elei\u00e7\u00f5es do CRP-PR em agosto de 2025"},"content":{"rendered":"<div class=\"wp-block-image\">\n<figure class=\"aligncenter\"><img decoding=\"async\" src=\"https:\/\/i0.wp.com\/crppr.org.br\/wp-content\/uploads\/2025\/06\/site-8.png?fit=800%2C453&amp;ssl=1\" alt=\"\" class=\"wp-image-3423\"\/><\/figure>\n<\/div>\n\n\n<p><\/p>\n\n\n\n<p>Como parte do processo eleitoral do Sistema Conselhos de Psicologia, a Comiss\u00e3o Regional Eleitoral (CRE) divulgou na \u00faltima segunda-feira (09) a homologa\u00e7\u00e3o das chapas que ir\u00e3o concorrer \u00e0s elei\u00e7\u00f5es para a pr\u00f3xima gest\u00e3o (2025-2028) do Conselho Regional de Psicologia do Paran\u00e1 (CRP-PR).<\/p>\n\n\n\n<p>As chapas inscritas e homologadas s\u00e3o as seguintes:<\/p>\n\n\n\n<p><strong>Chapa&nbsp;<\/strong><strong>11&nbsp;<\/strong><strong>\u2013 Esperan\u00e7ar a Psicologia<\/strong><\/p>\n\n\n\n<p>Pessoas candidatas<\/p>\n\n\n\n<ol class=\"wp-block-list\">\n<li>Griziele Martins Feitosa \u2013 Encabe\u00e7adora&nbsp;<\/li>\n\n\n\n<li>Mag\u00fa&nbsp;<\/li>\n\n\n\n<li>Osaki Anna<\/li>\n\n\n\n<li>Gabriela Garcia Juan Tavares&nbsp;<\/li>\n\n\n\n<li>Fernanda Costa Peixoto Primo&nbsp;<\/li>\n\n\n\n<li>Renata de Souza dos Santos Silva&nbsp;<\/li>\n\n\n\n<li>Antonio Augusto Baldi Martins&nbsp;<\/li>\n\n\n\n<li>Jessy Nicole Mello de Souza&nbsp;<\/li>\n\n\n\n<li>Marcos de Jesus Oliveira&nbsp;<\/li>\n\n\n\n<li>Nadieli de Oliveira Jose&nbsp;<\/li>\n\n\n\n<li>Dulce Zara Gentil do Nascimento&nbsp;<\/li>\n\n\n\n<li>Kesyane Priscila Campos da Silva Ferreira&nbsp;<\/li>\n\n\n\n<li>Daniele da Silva Febole&nbsp;<\/li>\n\n\n\n<li>Elo\u00edsa Pompermayer Ramos&nbsp;<\/li>\n\n\n\n<li>Julia Mezarobba Caetano Ferreira&nbsp;<\/li>\n\n\n\n<li>\u00cdcaro Arthur Augusto da Silva&nbsp;<\/li>\n\n\n\n<li>Tate Estrutika Montes<\/li>\n\n\n\n<li>Felipe Bini&nbsp;<\/li>\n\n\n\n<li>Jussara Doretto Benetti Prado&nbsp;<\/li>\n\n\n\n<li>Annamaria Coelho de Castilho&nbsp;<\/li>\n\n\n\n<li>Danielle Beltrame&nbsp;<\/li>\n\n\n\n<li>Ellen Carolina Zultanski Vicente&nbsp;<\/li>\n\n\n\n<li>Tamires Lombardi Mezzon&nbsp;<\/li>\n\n\n\n<li>Claudia Cibele Bitdinger Cobalchini&nbsp;<\/li>\n\n\n\n<li>Carine Suder Fernandes&nbsp;<\/li>\n\n\n\n<li>Meire Regiane Louren\u00e7o Nunes&nbsp;<\/li>\n\n\n\n<li>Lucielly Concei\u00e7\u00e3o dos Santos&nbsp;<\/li>\n\n\n\n<li>Eduardo da Silva Antonio&nbsp;<\/li>\n\n\n\n<li>Gabriela Pereira Bernardo&nbsp;<\/li>\n\n\n\n<li>Julia Andressa Romano Silva<\/li>\n<\/ol>\n\n\n\n<p><strong>Cha<\/strong><strong>pa 12 \u2013 Fr<\/strong><strong>ente Paranaense em Defesa da Psicologia<\/strong><\/p>\n\n\n\n<p>Pessoas candidatas<\/p>\n\n\n\n<ol class=\"wp-block-list\">\n<li>C\u00e9lia Mazza de Souza \u2013 Encabe\u00e7adora&nbsp;<\/li>\n\n\n\n<li>Carlos Eduardo Rodrigues de Ara\u00fajo&nbsp;<\/li>\n\n\n\n<li>Tatiana de Alves Souza&nbsp;<\/li>\n\n\n\n<li>Christopher Nascimento Santos&nbsp;<\/li>\n\n\n\n<li>Cloves Amorim&nbsp;<\/li>\n\n\n\n<li>Jussara Cordeiro Gon\u00e7alves&nbsp;<\/li>\n\n\n\n<li>Romilda Ramos de Ara\u00fajo&nbsp;<\/li>\n\n\n\n<li>Lara Hauser dos Santos Neponuceno&nbsp;<\/li>\n\n\n\n<li>F\u00e1bio Jos\u00e9 Orsini Lopes&nbsp;<\/li>\n\n\n\n<li>Fernanda de Ara\u00fajo Stresser&nbsp;<\/li>\n\n\n\n<li>Kaio Cesar Pacheco&nbsp;<\/li>\n\n\n\n<li>Kathia Regina Galdino de Godoy&nbsp;<\/li>\n\n\n\n<li>Luciana Rocha&nbsp;<\/li>\n\n\n\n<li>Fabio Henrique Arevalo&nbsp;<\/li>\n\n\n\n<li>Maria Isabel Formoso&nbsp;<\/li>\n\n\n\n<li>M\u00e1rcia Regina Walter&nbsp;<\/li>\n\n\n\n<li>Jaqueline Tubin Fieira&nbsp;<\/li>\n\n\n\n<li>Marli Nunes dos Santos Alves&nbsp;<\/li>\n\n\n\n<li>Rima Awada Zahra&nbsp;<\/li>\n\n\n\n<li>Rosangela Bacron&nbsp;<\/li>\n\n\n\n<li>Sergio Bezerra Pinto Junior&nbsp;<\/li>\n\n\n\n<li>Jessica Gaspar da Costa&nbsp;<\/li>\n\n\n\n<li>Felipe Jhoni Zaranski Elias&nbsp;<\/li>\n\n\n\n<li>Samuel Cabanha&nbsp;<\/li>\n\n\n\n<li>Simone Cristina Gomes&nbsp;<\/li>\n\n\n\n<li>Maria Eduarda Campagnaro&nbsp;<\/li>\n\n\n\n<li>Anayna Nara de Campos&nbsp;<\/li>\n\n\n\n<li>Ludmila C\u00e9lia Portela dos Santos&nbsp;<\/li>\n\n\n\n<li>Julia Gindre Soreano Lopes&nbsp;<\/li>\n\n\n\n<li>Dhi Castanho Mendes Ferreira<br><\/li>\n<\/ol>\n\n\n\n<p><strong>Cha<\/strong><strong>pa 13 \u2013 MAI&nbsp;<\/strong><strong>\u2013 Mudar, Acolher e Inovar<\/strong><\/p>\n\n\n\n<p>Pessoas candidatas<\/p>\n\n\n\n<ol class=\"wp-block-list\">\n<li>Marina Pires Alves Machado Sfreddo \u2013 Encabe\u00e7adora&nbsp;<\/li>\n\n\n\n<li>Gilberto Gaertner&nbsp;<\/li>\n\n\n\n<li>Deisy Maria Rodrigues Joppert&nbsp;<\/li>\n\n\n\n<li>Semiramis Maria Amorim Vedovatto&nbsp;<\/li>\n\n\n\n<li>Marly Terezinha Perrelli&nbsp;<\/li>\n\n\n\n<li>Frank da Silva Veiga&nbsp;<\/li>\n\n\n\n<li>Rachel Gon\u00e7alves da Silva&nbsp;<\/li>\n\n\n\n<li>Silvio Araujo Vailoes&nbsp;<\/li>\n\n\n\n<li>Elizabeth Regina Maio&nbsp;<\/li>\n\n\n\n<li>J\u00e9ssica Tonioti da Purifica\u00e7\u00e3o&nbsp;<\/li>\n\n\n\n<li>Geison David da Silva&nbsp;<\/li>\n\n\n\n<li>Heloisa Christina Mehl Gon\u00e7alves&nbsp;<\/li>\n\n\n\n<li>Luciano Bugalski&nbsp;<\/li>\n\n\n\n<li>Lara Helena de Souza Frasson&nbsp;<\/li>\n\n\n\n<li>Tania Cristina Silva Barbieri&nbsp;<\/li>\n\n\n\n<li>Gesielene Oliveira de Carvalho&nbsp;<\/li>\n\n\n\n<li>Alessandra Sivek Perez&nbsp;<\/li>\n\n\n\n<li>Carla Chemure Cechelero Slongo&nbsp;<\/li>\n\n\n\n<li>Jussara Teresinha Henn&nbsp;<\/li>\n\n\n\n<li>\u00c9rika Ribeiro da Silva&nbsp;<\/li>\n\n\n\n<li>Iris Aline da Silva Santos Benedito&nbsp;<\/li>\n\n\n\n<li>Josiane de Fatima Farias Knaut&nbsp;<\/li>\n\n\n\n<li>Claudia Regina Martins Pastro dos Reis&nbsp;<\/li>\n\n\n\n<li>Amanda Moses Xocaira&nbsp;<\/li>\n\n\n\n<li>Rosa Maria da Silva&nbsp;<\/li>\n\n\n\n<li>Gabriela Antunes Soares&nbsp;<\/li>\n\n\n\n<li>Lu\u00eds Eduardo Candido&nbsp;<\/li>\n\n\n\n<li>Rafael Sfreddo&nbsp;<\/li>\n\n\n\n<li>R\u00e9gis Maliszewski da Silva&nbsp;<\/li>\n\n\n\n<li>Rafaela de Souza Trento<\/li>\n<\/ol>\n\n\n\n<p>A chapa \u201cAvan\u00e7ar a Psicologia no Paran\u00e1\u201d teve seu registro indeferido.&nbsp;<\/p>\n\n\n\n<h4 class=\"wp-block-heading\">Divulga\u00e7\u00e3o das chapas<\/h4>\n\n\n\n<p>O regimento eleitoral prev\u00ea que cada chapa homologada para as elei\u00e7\u00f5es tenha espa\u00e7o de divulga\u00e7\u00e3o de suas propostas nos canais oficiais do CRP-PR, no per\u00edodo entre&nbsp;<strong>7 de julho e 22 de agosto<\/strong>, como mecanismo de transpar\u00eancia e fortalecimento do processo democr\u00e1tico. As comunica\u00e7\u00f5es seguir\u00e3o padr\u00f5es, formatos e diretrizes que ser\u00e3o previamente informados pela CRE \u00e0s chapas.<\/p>\n\n\n\n<h4 class=\"wp-block-heading\">Sobre as elei\u00e7\u00f5es<\/h4>\n\n\n\n<p>As elei\u00e7\u00f5es do Sistema Conselhos de Psicologia ser\u00e3o realizadas de 23 a 27 de agosto de 2025, unicamente na modalidade online. O voto \u00e9 secreto, pessoal, intransfer\u00edvel e obrigat\u00f3rio \u2013 sendo facultativo somente para profissionais da Psicologia com idade a partir de 65 anos.<\/p>\n\n\n\n<p>Para votar, \u00e9 preciso estar com os&nbsp;<a href=\"https:\/\/crppr.org.br\/eleicoes-sistema-conselhos-de-psicologia-psicologas-e-psicologos-de-todo-o-pais-precisam-estar-com-dados-cadastrais-atualizados-para-efetuar-voto-em-2025\/\" target=\"_blank\" rel=\"noreferrer noopener\">dados cadastrais atualizados<\/a>. Tamb\u00e9m \u00e9 necess\u00e1rio estar adimplente com a tesouraria em rela\u00e7\u00e3o aos exerc\u00edcios anteriores, at\u00e9 o dia 6 de agosto de 2025, ainda que sob a forma de parcelamento do d\u00e9bito, bem como em pleno gozo de seus direitos<\/p>\n\n\n\n<p>A apura\u00e7\u00e3o ser\u00e1 realizada no dia 27 de agosto de 2025, na sede do Conselho Federal de Psicologia, em Bras\u00edlia-DF, ap\u00f3s o t\u00e9rmino das elei\u00e7\u00f5es, \u00e0s 17h, de acordo com o hor\u00e1rio de Bras\u00edlia-DF, com acesso restrito \u00e0s pessoas credenciadas. H\u00e1 possibilidade de acompanhar a apura\u00e7\u00e3o que ser\u00e1 transmitida ao vivo pelas redes sociais do CFP.<\/p>\n\n\n\n<p>Ser\u00e1 eleita a chapa que obtiver o maior n\u00famero de votos v\u00e1lidos, independentemente do percentual que esse n\u00famero represente em rela\u00e7\u00e3o ao total de votos apurados. Proclamado o resultado do pleito pelo CFP, as novas gest\u00f5es dos Conselhos Regionais ser\u00e3o empossados em sess\u00e3o solene, em at\u00e9 30 (trinta) dias ap\u00f3s a apura\u00e7\u00e3o dos resultados.<\/p>\n","protected":false},"excerpt":{"rendered":"<p>Como parte do processo eleitoral do Sistema Conselhos de Psicologia, a Comiss\u00e3o Regional Eleitoral (CRE) divulgou na \u00faltima segunda-feira (09) a homologa\u00e7\u00e3o das chapas que ir\u00e3o concorrer \u00e0s elei\u00e7\u00f5es para a pr\u00f3xima gest\u00e3o (2025-2028) do Conselho Regional de Psicologia do Paran\u00e1 (CRP-PR). As chapas inscritas e homologadas s\u00e3o as seguintes: Chapa&nbsp;11&nbsp;\u2013 Esperan\u00e7ar a Psicologia Pessoas&#8230; <a class=\"moretag\" href=\"https:\/\/eleicoespsicologia.org.br\/crp08\/tres-chapas-sao-homologadas-e-vao-concorrer-as-eleicoes-do-crp-pr-em-agosto-de-2025\/\">Continue lendo <span class=\"screen-reader-text\">&#8220;Tr\u00eas chapas s\u00e3o homologadas e v\u00e3o concorrer \u00e0s elei\u00e7\u00f5es do CRP-PR em agosto de 2025&#8221;<\/span><\/a><\/p>\n","protected":false},"author":2,"featured_media":0,"comment_status":"closed","ping_status":"open","sticky":false,"template":"","format":"standard","meta":{"_acf_changed":false,"footnotes":""},"categories":[7],"tags":[],"class_list":["post-217","post","type-post","status-publish","format-standard","hentry","category-eleicoes-2025"],"acf":[],"_links":{"self":[{"href":"https:\/\/eleicoespsicologia.org.br\/crp08\/wp-json\/wp\/v2\/posts\/217","targetHints":{"allow":["GET"]}}],"collection":[{"href":"https:\/\/eleicoespsicologia.org.br\/crp08\/wp-json\/wp\/v2\/posts"}],"about":[{"href":"https:\/\/eleicoespsicologia.org.br\/crp08\/wp-json\/wp\/v2\/types\/post"}],"author":[{"embeddable":true,"href":"https:\/\/eleicoespsicologia.org.br\/crp08\/wp-json\/wp\/v2\/users\/2"}],"replies":[{"embeddable":true,"href":"https:\/\/eleicoespsicologia.org.br\/crp08\/wp-json\/wp\/v2\/comments?post=217"}],"version-history":[{"count":2,"href":"https:\/\/eleicoespsicologia.org.br\/crp08\/wp-json\/wp\/v2\/posts\/217\/revisions"}],"predecessor-version":[{"id":219,"href":"https:\/\/eleicoespsicologia.org.br\/crp08\/wp-json\/wp\/v2\/posts\/217\/revisions\/219"}],"wp:attachment":[{"href":"https:\/\/eleicoespsicologia.org.br\/crp08\/wp-json\/wp\/v2\/media?parent=217"}],"wp:term":[{"taxonomy":"category","embeddable":true,"href":"https:\/\/eleicoespsicologia.org.br\/crp08\/wp-json\/wp\/v2\/categories?post=217"},{"taxonomy":"post_tag","embeddable":true,"href":"https:\/\/eleicoespsicologia.org.br\/crp08\/wp-json\/wp\/v2\/tags?post=217"}],"curies":[{"name":"wp","href":"https:\/\/api.w.org\/{rel}","templated":true}]}}