{"id":178,"date":"2025-03-24T10:11:24","date_gmt":"2025-03-24T13:11:24","guid":{"rendered":"https:\/\/eleicoespsicologia.org.br\/crp09\/?p=178"},"modified":"2025-03-26T10:13:04","modified_gmt":"2025-03-26T13:13:04","slug":"presidenta-da-comissao-regional-eleitoral-cre-crp-09-kaline-cunha-juntamente-com-a-membra-waluzia-miranda-comparecem-no-corepsi-para-anunciar-as-chapas-inscritas-para-consulta-nacional","status":"publish","type":"post","link":"https:\/\/eleicoespsicologia.org.br\/crp09\/presidenta-da-comissao-regional-eleitoral-cre-crp-09-kaline-cunha-juntamente-com-a-membra-waluzia-miranda-comparecem-no-corepsi-para-anunciar-as-chapas-inscritas-para-consulta-nacional\/","title":{"rendered":"Presidenta da Comiss\u00e3o Regional Eleitoral (CRE \u2013 CRP-09), Kaline Cunha, juntamente com a membra Waluzia Miranda, comparecem no COREPSI para anunciar as chapas inscritas para Consulta Nacional do Conselho Federal de Psicologia (CFP) e elei\u00e7\u00f5es do CRP-09"},"content":{"rendered":"<div class=\"wp-block-image\">\n<figure class=\"alignleft is-resized\"><img decoding=\"async\" src=\"https:\/\/crp09.org.br\/portal\/images\/WhatsApp_Image_2025-03-23_at_17.56.44.jpeg\" alt=\"WhatsApp Image 2025 03 23 at 17.56.44\" style=\"width:300px\"\/><\/figure>\n<\/div>\n\n\n<p>Durante o Congresso Regional de Psicologia (COREPSI) da 9\u00aa Regi\u00e3o, a Presidenta da Comiss\u00e3o Regional Eleitoral (CRE \u2013 CRP-09), Kaline Cunha, juntamente com a membra Waluzia Miranda, estiveram presentes para anunciar as chapas inscritas para as Consulta Nacional do Conselho Federal de Psicologia (CFP) e elei\u00e7\u00f5es do Conselho Regional de Psicologia da 9\u00aa Regi\u00e3o (CRP-09).<br><br>Na ocasi\u00e3o, foram apresentadas as duas chapas que concorrem \u00e0 gest\u00e3o do CRP 09: PluralPsi e Avan\u00e7ar a Psicologia em Goi\u00e1s.<br>As chapas inscritas tiveram a oportunidade de se apresentar e compartilhar suas propostas com as(os) profissionais presentes.<br>Representando a chapa PluralPsi, estiveram presentes a psic\u00f3loga Nadyene Borges e o psic\u00f3logo Marco Aur\u00e9lio. J\u00e1 pela chapa Avan\u00e7ar a Psicologia em Goi\u00e1s, participaram as psic\u00f3logas Michele Branquinho e Maria Regina.<br><br>Em suas falas, as chapas compartilharam perspectivas sobre o fortalecimento da Psicologia, a defesa dos direitos da categoria e a amplia\u00e7\u00e3o do di\u00e1logo com a sociedade, refor\u00e7ando o compromisso com uma atua\u00e7\u00e3o \u00e9tica, democr\u00e1tica e em prol do desenvolvimento da profiss\u00e3o na regi\u00e3o.<\/p>\n","protected":false},"excerpt":{"rendered":"<p>Durante o Congresso Regional de Psicologia (COREPSI) da 9\u00aa Regi\u00e3o, a Presidenta da Comiss\u00e3o Regional Eleitoral (CRE \u2013 CRP-09), Kaline Cunha, juntamente com a membra Waluzia Miranda, estiveram presentes para anunciar as chapas inscritas para as Consulta Nacional do Conselho Federal de Psicologia (CFP) e elei\u00e7\u00f5es do Conselho Regional de Psicologia da 9\u00aa Regi\u00e3o (CRP-09)&#8230;. <a class=\"moretag\" href=\"https:\/\/eleicoespsicologia.org.br\/crp09\/presidenta-da-comissao-regional-eleitoral-cre-crp-09-kaline-cunha-juntamente-com-a-membra-waluzia-miranda-comparecem-no-corepsi-para-anunciar-as-chapas-inscritas-para-consulta-nacional\/\">Continue lendo <span class=\"screen-reader-text\">&#8220;Presidenta da Comiss\u00e3o Regional Eleitoral (CRE \u2013 CRP-09), Kaline Cunha, juntamente com a membra Waluzia Miranda, comparecem no COREPSI para anunciar as chapas inscritas para Consulta Nacional do Conselho Federal de Psicologia (CFP) e elei\u00e7\u00f5es do CRP-09&#8221;<\/span><\/a><\/p>\n","protected":false},"author":2,"featured_media":0,"comment_status":"closed","ping_status":"open","sticky":false,"template":"","format":"standard","meta":{"_acf_changed":false,"footnotes":""},"categories":[5],"tags":[],"class_list":["post-178","post","type-post","status-publish","format-standard","hentry","category-eleicoes-2025"],"acf":[],"_links":{"self":[{"href":"https:\/\/eleicoespsicologia.org.br\/crp09\/wp-json\/wp\/v2\/posts\/178","targetHints":{"allow":["GET"]}}],"collection":[{"href":"https:\/\/eleicoespsicologia.org.br\/crp09\/wp-json\/wp\/v2\/posts"}],"about":[{"href":"https:\/\/eleicoespsicologia.org.br\/crp09\/wp-json\/wp\/v2\/types\/post"}],"author":[{"embeddable":true,"href":"https:\/\/eleicoespsicologia.org.br\/crp09\/wp-json\/wp\/v2\/users\/2"}],"replies":[{"embeddable":true,"href":"https:\/\/eleicoespsicologia.org.br\/crp09\/wp-json\/wp\/v2\/comments?post=178"}],"version-history":[{"count":1,"href":"https:\/\/eleicoespsicologia.org.br\/crp09\/wp-json\/wp\/v2\/posts\/178\/revisions"}],"predecessor-version":[{"id":179,"href":"https:\/\/eleicoespsicologia.org.br\/crp09\/wp-json\/wp\/v2\/posts\/178\/revisions\/179"}],"wp:attachment":[{"href":"https:\/\/eleicoespsicologia.org.br\/crp09\/wp-json\/wp\/v2\/media?parent=178"}],"wp:term":[{"taxonomy":"category","embeddable":true,"href":"https:\/\/eleicoespsicologia.org.br\/crp09\/wp-json\/wp\/v2\/categories?post=178"},{"taxonomy":"post_tag","embeddable":true,"href":"https:\/\/eleicoespsicologia.org.br\/crp09\/wp-json\/wp\/v2\/tags?post=178"}],"curies":[{"name":"wp","href":"https:\/\/api.w.org\/{rel}","templated":true}]}}