{"id":185,"date":"2025-06-10T06:00:00","date_gmt":"2025-06-10T09:00:00","guid":{"rendered":"https:\/\/eleicoespsicologia.org.br\/crp09\/?p=185"},"modified":"2025-06-11T16:10:04","modified_gmt":"2025-06-11T19:10:04","slug":"cre-crp-09-informa-chapas-homologas-para-eleicoes-2025-2028","status":"publish","type":"post","link":"https:\/\/eleicoespsicologia.org.br\/crp09\/cre-crp-09-informa-chapas-homologas-para-eleicoes-2025-2028\/","title":{"rendered":"CRE-CRP-09 INFORMA CHAPAS HOMOLOGAS PARA ELEI\u00c7\u00d5ES (2025\/2028)"},"content":{"rendered":"<div class=\"wp-block-image\">\n<figure class=\"alignleft is-resized\"><img decoding=\"async\" src=\"https:\/\/www.crp09.org.br\/portal\/images\/ELEICOES_CHAPAS_CRP09.jpeg\" alt=\"ELEICOES CHAPAS CRP09\" style=\"width:330px;height:auto\"\/><\/figure>\n<\/div>\n\n\n<p>A Comiss\u00e3o Regional Eleitoral \u2013 CRE CRP-09 informa que na data de ontem, 09.06.2025, foram homologadas as chapas que concorrer\u00e3o a Elei\u00e7\u00e3o do Sistema Conselhos de Psicologia para a pr\u00f3xima gest\u00e3o (2025\/2028) do CRP-09.<\/p>\n\n\n\n<p>Atendendo ao que disp\u00f5e o Regimento Eleitoral, apresentamos as chapas homologadas para as Elei\u00e7\u00f5es do CRP-09 (2025). As chapas est\u00e3o identificadas por seus nomes e por n\u00fameros com dois d\u00edgitos (atribu\u00eddos por ordem de inscri\u00e7\u00e3o), conforme determina o referido regimento:<\/p>\n\n\n\n<p>Chapa 11: Avan\u00e7ar a Psicologia em Goi\u00e1s<\/p>\n\n\n\n<p>Chapa 12: Pluralpsi: Representatividade e A\u00e7\u00e3o \u00c9tica<\/p>\n\n\n\n<p>As elei\u00e7\u00f5es para o Sistema Conselhos de Psicologia ocorrer\u00e3o de 23 a 27 de agosto de 2025, exclusivamente de forma on-line. O voto ser\u00e1 secreto, pessoal, intransfer\u00edvel e obrigat\u00f3rio, sendo facultativo apenas para psic\u00f3logas(os) com idade a partir de 65 anos.<\/p>\n\n\n\n<p>A(O) psic\u00f3loga(o) apta a votar dever\u00e1 manter os dados cadastrais atualizados e estar regularizada(o) com a tesouraria quanto aos d\u00e9bitos dos exerc\u00edcios anteriores, at\u00e9 o dia 6 de agosto de 2025, mesmo que o pagamento seja realizado por meio de parcelamento, bem como em pleno gozo de seus direitos.<\/p>\n\n\n\n<p>A apura\u00e7\u00e3o ocorrer\u00e1 no dia 27 de agosto de 2025, na sede do Conselho Federal de Psicologia, em Bras\u00edlia\/DF, ap\u00f3s o encerramento das elei\u00e7\u00f5es, \u00e0s 17h (hor\u00e1rio de Bras\u00edlia\/DF), com acesso restrito \u00e0s pessoas credenciadas.<\/p>\n","protected":false},"excerpt":{"rendered":"<p>A Comiss\u00e3o Regional Eleitoral \u2013 CRE CRP-09 informa que na data de ontem, 09.06.2025, foram homologadas as chapas que concorrer\u00e3o a Elei\u00e7\u00e3o do Sistema Conselhos de Psicologia para a pr\u00f3xima gest\u00e3o (2025\/2028) do CRP-09. Atendendo ao que disp\u00f5e o Regimento Eleitoral, apresentamos as chapas homologadas para as Elei\u00e7\u00f5es do CRP-09 (2025). As chapas est\u00e3o identificadas&#8230; <a class=\"moretag\" href=\"https:\/\/eleicoespsicologia.org.br\/crp09\/cre-crp-09-informa-chapas-homologas-para-eleicoes-2025-2028\/\">Continue lendo <span class=\"screen-reader-text\">&#8220;CRE-CRP-09 INFORMA CHAPAS HOMOLOGAS PARA ELEI\u00c7\u00d5ES (2025\/2028)&#8221;<\/span><\/a><\/p>\n","protected":false},"author":2,"featured_media":0,"comment_status":"closed","ping_status":"open","sticky":false,"template":"","format":"standard","meta":{"_acf_changed":false,"footnotes":""},"categories":[5],"tags":[],"class_list":["post-185","post","type-post","status-publish","format-standard","hentry","category-eleicoes-2025"],"acf":[],"_links":{"self":[{"href":"https:\/\/eleicoespsicologia.org.br\/crp09\/wp-json\/wp\/v2\/posts\/185","targetHints":{"allow":["GET"]}}],"collection":[{"href":"https:\/\/eleicoespsicologia.org.br\/crp09\/wp-json\/wp\/v2\/posts"}],"about":[{"href":"https:\/\/eleicoespsicologia.org.br\/crp09\/wp-json\/wp\/v2\/types\/post"}],"author":[{"embeddable":true,"href":"https:\/\/eleicoespsicologia.org.br\/crp09\/wp-json\/wp\/v2\/users\/2"}],"replies":[{"embeddable":true,"href":"https:\/\/eleicoespsicologia.org.br\/crp09\/wp-json\/wp\/v2\/comments?post=185"}],"version-history":[{"count":2,"href":"https:\/\/eleicoespsicologia.org.br\/crp09\/wp-json\/wp\/v2\/posts\/185\/revisions"}],"predecessor-version":[{"id":189,"href":"https:\/\/eleicoespsicologia.org.br\/crp09\/wp-json\/wp\/v2\/posts\/185\/revisions\/189"}],"wp:attachment":[{"href":"https:\/\/eleicoespsicologia.org.br\/crp09\/wp-json\/wp\/v2\/media?parent=185"}],"wp:term":[{"taxonomy":"category","embeddable":true,"href":"https:\/\/eleicoespsicologia.org.br\/crp09\/wp-json\/wp\/v2\/categories?post=185"},{"taxonomy":"post_tag","embeddable":true,"href":"https:\/\/eleicoespsicologia.org.br\/crp09\/wp-json\/wp\/v2\/tags?post=185"}],"curies":[{"name":"wp","href":"https:\/\/api.w.org\/{rel}","templated":true}]}}