{"id":156,"date":"2025-02-24T14:06:31","date_gmt":"2025-02-24T17:06:31","guid":{"rendered":"https:\/\/eleicoespsicologia.org.br\/crp16\/?p=156"},"modified":"2025-02-24T14:06:32","modified_gmt":"2025-02-24T17:06:32","slug":"eleicoes-psicologia-2025-inscricao-de-chapas-para-consulta-eleitoral-ao-crp-16-pode-ser-feita-a-partir-de-18-de-fevereiro","status":"publish","type":"post","link":"https:\/\/eleicoespsicologia.org.br\/crp16\/eleicoes-psicologia-2025-inscricao-de-chapas-para-consulta-eleitoral-ao-crp-16-pode-ser-feita-a-partir-de-18-de-fevereiro\/","title":{"rendered":"Elei\u00e7\u00f5es Psicologia 2025: inscri\u00e7\u00e3o de chapas para consulta eleitoral ao CRP-16 pode ser feita a partir de 18 de fevereiro"},"content":{"rendered":"\n<p>Em 2025, o Sistema Conselhos realiza mais um ciclo eleitoral para a escolha das gest\u00f5es dos Conselhos Regionais (CRPs) e Federal (CFP) de Psicologia. No \u00e2mbito da autarquia capixaba, a Comiss\u00e3o Regional Eleitoral (CRE) do CRP-16 conduzir\u00e1 o processo que culminar\u00e1 com a elei\u00e7\u00e3o do VIII Plen\u00e1rio do Conselho Regional do ES.<\/p>\n\n\n\n<p>A inscri\u00e7\u00e3o de chapas dever\u00e1 ser realizada online. Ela pode ser feita entre as 8 horas de 18 de fevereiro at\u00e9 as 23h59 do dia 22 de mar\u00e7o de 2025. A CRE do CRP-16 receber\u00e1 os pedidos de inscri\u00e7\u00f5es via Sistema E-chapas. (Link: <a href=\"https:\/\/e-chapas.cfp.org.br\">https:\/\/e-chapas.cfp.org.br<\/a>).<\/p>\n\n\n\n<p>7\u00ba Corepsi Nos dias 21, 22 e 23 ser\u00e1 realizado o 7\u00ba Congresso Regional de Psicologia Unificado (Corepsi) do CRP-16, na capital do Estado. Durante o evento, ser\u00e1 poss\u00edvel realizar inscri\u00e7\u00e3o presencial junto \u00e0 CRE, que estar\u00e1 a postos no 7\u00ba Corepsi, recebendo solicita\u00e7\u00f5es de inscri\u00e7\u00e3o. Lembrando: as inscri\u00e7\u00f5es se encerram no \u00faltimo minuto do dia 22 pela plataforma E-chapas.&nbsp;&nbsp;<\/p>\n\n\n\n<p><strong>Elei\u00e7\u00e3o da CRE<\/strong><\/p>\n\n\n\n<p>A CRE do CRP-16 foi eleita, em parte, na assembleia geral de 23 de novembro. O presidente da Comiss\u00e3o, Nilson Sant\u2019Ana Aliprandi, teve sua inscri\u00e7\u00e3o aclamada pela assembleia.<\/p>\n\n\n\n<p>As demais integrantes foram nomeadas pelo VII Plen\u00e1rio do Conselho, conforme determina\u00e7\u00f5es legais do Sistema Conselhos de Psicologia.&nbsp;<\/p>\n\n\n\n<p>Duas s\u00e3o titulares: Inara Suhett Campos e Patr\u00edcia Silva Barbosa. Tr\u00eas membros suplentes: Vitor Sandrini de Assis, Mariana Carneiro Capucho e Vit\u00f3ria Tedoldi Moreira.<\/p>\n\n\n\n<p>&#8220;A CRE j\u00e1 est\u00e1 dispon\u00edvel para tirar d\u00favidas sobre o processo eleitoral e contar\u00e1 com o apoio do CRP-16 para promover toda a divulga\u00e7\u00e3o, debate e demais orienta\u00e7\u00f5es em torno das elei\u00e7\u00f5es do Sistema Conselhos de Psicologia. Contamos com a participa\u00e7\u00e3o da nossa categoria&#8221;, assinala o presidente da CRE do CRP-16, Nilson Sant\u2019Ana Aliprandi.<\/p>\n\n\n\n<p>Quem quiser contactar a Comiss\u00e3o, deve enviar e-mail para: <a href=\"mailto:comissaoeleitoral@crp16.org.br\">comissaoeleitoral@crp16.org.br <\/a>&nbsp;&nbsp;<\/p>\n\n\n\n<p><strong>Vota\u00e7\u00e3o online<\/strong><\/p>\n\n\n\n<p>As elei\u00e7\u00f5es para os CRPs e a consulta nacional para o CFP ocorrer\u00e3o em agosto, m\u00eas do anivers\u00e1rio da Psicologia brasileira, das 8 horas do dia 23 at\u00e9 as 17 horas do dia 27.<\/p>\n\n\n\n<p>O processo de vota\u00e7\u00e3o ser\u00e1 realizado de forma online. A CRE dever\u00e1 manter um posto presencial de vota\u00e7\u00e3o &#8211; que tamb\u00e9m ser\u00e1 realizado online, que em breve ser\u00e1 divulgado.<\/p>\n\n\n\n<p>A vota\u00e7\u00e3o ser\u00e1 realizada unicamente na modalidade online, com in\u00edcio \u00e0s 8 horas do dia 23 de agosto e se encerramento \u00e0s 17 horas do dia 27 de agosto de 2025, de acordo com o hor\u00e1rio de Bras\u00edlia\/DF, por meio do site <a href=\"https:\/\/eleicoespsicologia.org.br\">https:\/\/eleicoespsicologia.org.br<\/a>.<\/p>\n\n\n\n<p>Para ter direito a votar, \u00e9 preciso estar adimplente com o Conselho at\u00e9 o dia 06 de agosto de 2025. Quem n\u00e3o votar dever\u00e1 justificar a aus\u00eancia at\u00e9 26 de outubro.<\/p>\n\n\n\n<p><strong>Inscri\u00e7\u00e3o de chapas ao CRP-16<\/strong><\/p>\n\n\n\n<p>A candidatura ser\u00e1 em chapa, na qual dever\u00e3o constar os nove membros efetivos e os nove suplentes, como disposto no Art. 5\u00ba da Resolu\u00e7\u00e3o CFP n\u00ba 03\/2007.<\/p>\n\n\n\n<p>Para se candidatar \u00e9 preciso ter inscri\u00e7\u00e3o principal no CRP-16, mesmo que provis\u00f3ria, al\u00e9m de outras quest\u00f5es regimentais (Resolu\u00e7\u00e3o 10\/2025).<\/p>\n\n\n\n<p>Ser\u00e3o reservados, no m\u00ednimo, 20% das vagas para pessoas negras ou pessoas ind\u00edgenas, al\u00e9m de, necessariamente, no m\u00ednimo, 20% de reserva de vagas para pessoas trans, pessoas com defici\u00eancia, pessoas pertencentes a comunidades quilombolas ou povos e comunidades de terreiro\/povos e comunidade de matriz africana.<\/p>\n\n\n\n<p>As chapas devem, preferencialmente, dedicar reserva de um m\u00ednimo de 50% das vagas, oriundas da reserva, \u00e0 titularidade, sendo obrigat\u00f3rios 20%;<\/p>\n\n\n\n<p>Ser\u00e3o garantidos, no m\u00ednimo, 50% de reserva de vagas para mulheres na composi\u00e7\u00e3o das chapas.<\/p>\n\n\n\n<p>As chapas devem, preferencialmente, considerar na sua composi\u00e7\u00e3o proporcionalidade de candidatos que representem: ou as macrorregi\u00f5es ou as diversas regi\u00f5es do Estado.<\/p>\n\n\n\n<p>Informa\u00e7\u00f5es adicionais sobre a\u00e7\u00f5es afirmativas e heteroidentifica\u00e7\u00e3o ser\u00e3o observadas na Instru\u00e7\u00e3o Normativa CFP n\u00ba 1, de 30 de janeiro de 2025.<\/p>\n\n\n\n<p><strong>Mais informa\u00e7\u00f5es<\/strong> Mais informa\u00e7\u00f5es podem ser obtidas no site e nas redes sociais do Conselho e tamb\u00e9m na sede do CRP-16, sito \u00e0 Rua R. Ferreira Coelho, 330 &#8211; Salas 512 &amp; 711 &#8211; Praia do Su\u00e1, Vit\u00f3ria &#8211; ES, 29052-210 no hor\u00e1rio de 08:30 \u00e0s 17:30, junto \u00e0 Comiss\u00e3o Regional Eleitoral ou pessoa por ela designada, e pelo e-mail <a href=\"mailto:comissaoeleitoral@crp16.org.br\">comissaoeleitoral@crp16.org.br<\/a>.<\/p>\n","protected":false},"excerpt":{"rendered":"<p>Em 2025, o Sistema Conselhos realiza mais um ciclo eleitoral para a escolha das gest\u00f5es dos Conselhos Regionais (CRPs) e Federal (CFP) de Psicologia. No \u00e2mbito da autarquia capixaba, a Comiss\u00e3o Regional Eleitoral (CRE) do CRP-16 conduzir\u00e1 o processo que culminar\u00e1 com a elei\u00e7\u00e3o do VIII Plen\u00e1rio do Conselho Regional do ES. A inscri\u00e7\u00e3o de&#8230; <a class=\"moretag\" href=\"https:\/\/eleicoespsicologia.org.br\/crp16\/eleicoes-psicologia-2025-inscricao-de-chapas-para-consulta-eleitoral-ao-crp-16-pode-ser-feita-a-partir-de-18-de-fevereiro\/\">Continue lendo <span class=\"screen-reader-text\">&#8220;Elei\u00e7\u00f5es Psicologia 2025: inscri\u00e7\u00e3o de chapas para consulta eleitoral ao CRP-16 pode ser feita a partir de 18 de fevereiro&#8221;<\/span><\/a><\/p>\n","protected":false},"author":2,"featured_media":0,"comment_status":"closed","ping_status":"open","sticky":false,"template":"","format":"standard","meta":{"_acf_changed":false,"footnotes":""},"categories":[5],"tags":[],"class_list":["post-156","post","type-post","status-publish","format-standard","hentry","category-eleicoes-2025"],"acf":[],"_links":{"self":[{"href":"https:\/\/eleicoespsicologia.org.br\/crp16\/wp-json\/wp\/v2\/posts\/156","targetHints":{"allow":["GET"]}}],"collection":[{"href":"https:\/\/eleicoespsicologia.org.br\/crp16\/wp-json\/wp\/v2\/posts"}],"about":[{"href":"https:\/\/eleicoespsicologia.org.br\/crp16\/wp-json\/wp\/v2\/types\/post"}],"author":[{"embeddable":true,"href":"https:\/\/eleicoespsicologia.org.br\/crp16\/wp-json\/wp\/v2\/users\/2"}],"replies":[{"embeddable":true,"href":"https:\/\/eleicoespsicologia.org.br\/crp16\/wp-json\/wp\/v2\/comments?post=156"}],"version-history":[{"count":1,"href":"https:\/\/eleicoespsicologia.org.br\/crp16\/wp-json\/wp\/v2\/posts\/156\/revisions"}],"predecessor-version":[{"id":157,"href":"https:\/\/eleicoespsicologia.org.br\/crp16\/wp-json\/wp\/v2\/posts\/156\/revisions\/157"}],"wp:attachment":[{"href":"https:\/\/eleicoespsicologia.org.br\/crp16\/wp-json\/wp\/v2\/media?parent=156"}],"wp:term":[{"taxonomy":"category","embeddable":true,"href":"https:\/\/eleicoespsicologia.org.br\/crp16\/wp-json\/wp\/v2\/categories?post=156"},{"taxonomy":"post_tag","embeddable":true,"href":"https:\/\/eleicoespsicologia.org.br\/crp16\/wp-json\/wp\/v2\/tags?post=156"}],"curies":[{"name":"wp","href":"https:\/\/api.w.org\/{rel}","templated":true}]}}